{"id":24501,"date":"2026-07-29T17:57:18","date_gmt":"2026-07-29T17:57:18","guid":{"rendered":"https:\/\/mesqueunviatge.cat\/?p=24501"},"modified":"2026-07-29T17:57:20","modified_gmt":"2026-07-29T17:57:20","slug":"mercados-de-navidad-de-europa-2026-fechas-y-viajes","status":"publish","type":"post","link":"https:\/\/mesqueunviatge.cat\/es\/mercados-de-navidad-de-europa-2026-fechas-y-viajes\/","title":{"rendered":"Mercados de Navidad de Europa 2026: fechas y viajes"},"content":{"rendered":"<p><!--\nT\u00cdTULO DE LA ENTRADA EN WORDPRESS:\nMercados de Navidad de Europa 2026: calendario, fechas y viajes\n\nANTES DE PUBLICAR:\nComprobad que los cuatro viajes destacados est\u00e9n publicados y que sus URL sean las definitivas.\nActualizaci\u00f3n de fechas: 24 de julio de 2026.\n--><\/p>\n\n\n<h2>Mercados de Navidad de Europa 2026: fechas y viajes<\/h2>\n\n\n\n<blockquote class=\"wp-block-quote is-layout-flow wp-block-quote-is-layout-flow\">\n<p class=\"wp-block-paragraph\">Los mercados de Navidad de Europa empezar\u00e1n a abrir a mediados de noviembre y transformar\u00e1n plazas, centros hist\u00f3ricos y pueblos medievales en algunos de los escenarios m\u00e1s especiales del invierno. En esta gu\u00eda encontrar\u00e9is las fechas de los principales mercados navide\u00f1os europeos de 2026 y diferentes propuestas para descubrirlos.<\/p>\n<\/blockquote>\n\n\n\n<p class=\"wp-block-paragraph\">Viena, Praga, Tallinn, Riga, N\u00faremberg, Estrasburgo o Colmar son solo algunas de las ciudades que cada a\u00f1o reciben a miles de viajeros atra\u00eddos por sus iluminaciones, los puestos de artesan\u00eda, la gastronom\u00eda local y el ambiente de Adviento.<\/p>\n\n\n\n<p class=\"wp-block-paragraph\">Algunas ciudades ya han publicado las fechas oficiales de sus mercados de Navidad de 2026. En otros casos, la organizaci\u00f3n todav\u00eda no ha anunciado el calendario definitivo. Por este motivo, diferenciamos las fechas confirmadas de las orientativas y actualizaremos esta gu\u00eda a medida que se publique nueva informaci\u00f3n.<\/p>\n\n\n\n<div style=\"background:#a3bd2f26;padding:22px 24px;margin:28px 0;border-left:4px solid #a3bd2f;\">\n  <p style=\"margin:0 0 8px 0;\"><strong>Informaci\u00f3n actualizada el 28 de julio de 2026<\/strong><\/p>\n  <p style=\"margin:0;\">Las fechas indicadas como confirmadas proceden de las p\u00e1ginas oficiales de los mercados o de las oficinas de turismo correspondientes. Los horarios especiales de los d\u00edas 24, 25 y 31 de diciembre pueden variar.<\/p>\n<\/div>\n\n\n\n<h2 class=\"wp-block-heading\">Calendario de los principales mercados de Navidad de Europa 2026<\/h2>\n\n\n\n<style>\n.mqv-market-table-wrap{overflow-x:auto;margin:24px 0 12px;-webkit-overflow-scrolling:touch}\n.mqv-market-table{width:100%;border-collapse:collapse;min-width:760px}\n.mqv-market-table th{background:#f3f6e9;text-align:left;padding:12px;border:1px solid #dfe5d2}\n.mqv-market-table td{padding:12px;border:1px solid #e3e3e3;vertical-align:top}\n.mqv-market-table tr:nth-child(even) td{background:#fafafa}\n.mqv-confirmada{color:#42610b}\n.mqv-pendent{color:#8a5b00}\n.mqv-trip-grid{display:grid;grid-template-columns:repeat(2,minmax(0,1fr));gap:20px;margin:24px 0}\n.mqv-trip-card{border:1px solid #e1e1e1;padding:24px;background:#fff}\n.mqv-trip-card h3{margin-top:0}\n.mqv-trip-link{display:inline-block;margin-top:8px;color:#4c6500;text-decoration:underline}\n.mqv-contact-box{background:#a3bd2f26;padding:28px;margin:32px 0;text-align:center}\n.mqv-contact-button{display:inline-block;background:#78921f;color:#fff!important;padding:12px 22px;margin-top:10px;text-decoration:none;border-radius:2px}\n@media (max-width:767px){\n  .mqv-trip-grid{grid-template-columns:1fr}\n  .mqv-trip-card{padding:20px}\n  .mqv-contact-box{padding:22px 18px}\n}\n<\/style>\n\n<div class=\"mqv-market-table-wrap\">\n<table class=\"mqv-market-table\">\n  <thead>\n    <tr>\n      <th>Ciudad y mercado<\/th>\n      <th>Pa\u00eds<\/th>\n      <th>Fechas 2026<\/th>\n      <th>Estado<\/th>\n    <\/tr>\n  <\/thead>\n  <tbody>\n    <tr>\n      <td><a href=\"https:\/\/www.wien.info\/en\/now-on\/christmas\/christmas-markets-342664\" target=\"_blank\" rel=\"noopener\">Viena \u2013 Rathausplatz<\/a><\/td>\n      <td>Austria<\/td>\n      <td>Del 13 de noviembre al 26 de diciembre de 2026<\/td>\n      <td class=\"mqv-confirmada\">Confirmadas<\/td>\n    <\/tr>\n    <tr>\n      <td><a href=\"https:\/\/www.salzburg.info\/en\/salzburg\/advent\/salzburg-christmas-market\" target=\"_blank\" rel=\"noopener\">Salzburgo \u2013 Domplatz y Residenzplatz<\/a><\/td>\n      <td>Austria<\/td>\n      <td>Del 19 de noviembre de 2026 al 1 de enero de 2027<\/td>\n      <td class=\"mqv-confirmada\">Confirmadas<\/td>\n    <\/tr>\n    <tr>\n      <td><a href=\"https:\/\/www.innsbruck.info\/en\/customs-and-events\/highlights\/advent-and-christmas\/christmas-markets.html\" target=\"_blank\" rel=\"noopener\">Innsbruck \u2013 Centro hist\u00f3rico<\/a><\/td>\n      <td>Austria<\/td>\n      <td>Del 15 de noviembre al 23 de diciembre de 2026<\/td>\n      <td class=\"mqv-confirmada\">Confirmadas<\/td>\n    <\/tr>\n    <tr>\n      <td><a href=\"https:\/\/prague.eu\/en\/akce\/old-town-square-christmas-market\/\" target=\"_blank\" rel=\"noopener\">Praga \u2013 Plaza de la Ciudad Vieja y plaza de Wenceslao<\/a><\/td>\n      <td>Rep\u00fablica Checa<\/td>\n      <td>Del 28 de noviembre de 2026 al 6 de enero de 2027<\/td>\n      <td class=\"mqv-confirmada\">Confirmadas<\/td>\n    <\/tr>\n    <tr>\n      <td><a href=\"https:\/\/adventbazilika.hu\/en\/\" target=\"_blank\" rel=\"noopener\">Budapest \u2013 Bas\u00edlica de San Esteban y V\u00f6r\u00f6smarty t\u00e9r<\/a><\/td>\n      <td>Hungr\u00eda<\/td>\n      <td>De mediados de noviembre de 2026 al 1 de enero de 2027<\/td>\n      <td class=\"mqv-pendent\">Fechas exactas pendientes<\/td>\n    <\/tr>\n    <tr>\n      <td><a href=\"https:\/\/www.visitbratislava.com\/events\/christmas-markets-bratislava\/\" target=\"_blank\" rel=\"noopener\">Bratislava \u2013 Hlavn\u00e9 n\u00e1mestie<\/a><\/td>\n      <td>Eslovaquia<\/td>\n      <td>De finales de noviembre de 2026 al 6 de enero de 2027<\/td>\n      <td class=\"mqv-pendent\">Fechas exactas pendientes<\/td>\n    <\/tr>\n    <tr>\n      <td><a href=\"https:\/\/www.christkindlesmarkt.de\/en\/\" target=\"_blank\" rel=\"noopener\">N\u00faremberg \u2013 Christkindlesmarkt<\/a><\/td>\n      <td>Alemania<\/td>\n      <td>Del 27 de noviembre al 24 de diciembre de 2026<\/td>\n      <td class=\"mqv-confirmada\">Confirmadas<\/td>\n    <\/tr>\n    <tr>\n      <td><a href=\"https:\/\/striezelmarkt.dresden.de\/en\/\" target=\"_blank\" rel=\"noopener\">Dresde \u2013 Striezelmarkt<\/a><\/td>\n      <td>Alemania<\/td>\n      <td>Del 25 de noviembre al 24 de diciembre de 2026<\/td>\n      <td class=\"mqv-confirmada\">Confirmadas<\/td>\n    <\/tr>\n    <tr>\n      <td><a href=\"https:\/\/www.koelnerweihnachtsmarkt.com\/de\/\" target=\"_blank\" rel=\"noopener\">Colonia \u2013 Mercado de la Catedral<\/a><\/td>\n      <td>Alemania<\/td>\n      <td>Del 16 de noviembre al 23 de diciembre de 2026<\/td>\n      <td class=\"mqv-confirmada\">Confirmadas<\/td>\n    <\/tr>\n    <tr>\n      <td><a href=\"https:\/\/www.muenchen.de\/en\/events\/munich-christkindlmarkt-info-about-christmas-market\" target=\"_blank\" rel=\"noopener\">M\u00fanich \u2013 Marienplatz<\/a><\/td>\n      <td>Alemania<\/td>\n      <td>Del 20 de noviembre al 24 de diciembre de 2026<\/td>\n      <td class=\"mqv-confirmada\">Confirmadas<\/td>\n    <\/tr>\n    <tr>\n      <td><a href=\"https:\/\/weihnachtsmarkt.freiburg.de\/en\/information-for-stall-holders\" target=\"_blank\" rel=\"noopener\">Friburgo \u2013 Mercado de Navidad<\/a><\/td>\n      <td>Alemania<\/td>\n      <td>Del 19 de noviembre al 23 de diciembre de 2026<\/td>\n      <td class=\"mqv-confirmada\">Confirmadas<\/td>\n    <\/tr>\n    <tr>\n      <td><a href=\"https:\/\/www.stuttgarter-weihnachtsmarkt.de\/en\/home\/\" target=\"_blank\" rel=\"noopener\">Stuttgart \u2013 Weihnachtsmarkt<\/a><\/td>\n      <td>Alemania<\/td>\n      <td>Del 25 de noviembre al 23 de diciembre de 2026<\/td>\n      <td class=\"mqv-confirmada\">Confirmadas<\/td>\n    <\/tr>\n    <tr>\n      <td><a href=\"https:\/\/www.rothenburg.de\/en\/erleben\/veranstaltungen\/weihnachtsmarkt-\/-reiterlesmarkt\" target=\"_blank\" rel=\"noopener\">Rothenburg ob der Tauber \u2013 Reiterlesmarkt<\/a><\/td>\n      <td>Alemania<\/td>\n      <td>Del 20 de noviembre al 23 de diciembre de 2026<\/td>\n      <td class=\"mqv-confirmada\">Confirmadas<\/td>\n    <\/tr>\n    <tr>\n      <td><a href=\"https:\/\/www.visitberlin.de\/en\/christmas-markets-berlin\" target=\"_blank\" rel=\"noopener\">Berl\u00edn \u2013 principales mercados de la ciudad<\/a><\/td>\n      <td>Alemania<\/td>\n      <td>De finales de noviembre a finales de diciembre de 2026<\/td>\n      <td class=\"mqv-pendent\">Calendario detallado pendiente<\/td>\n    <\/tr>\n    <tr>\n      <td><a href=\"https:\/\/noel.strasbourg.eu\/\" target=\"_blank\" rel=\"noopener\">Estrasburgo \u2013 Capitale de No\u00ebl<\/a><\/td>\n      <td>Francia<\/td>\n      <td>De finales de noviembre al 24 de diciembre de 2026<\/td>\n      <td class=\"mqv-pendent\">Fechas exactas pendientes<\/td>\n    <\/tr>\n    <tr>\n      <td><a href=\"https:\/\/www.visit.alsace\/en\/235007623-christmas-market-place-des-dominicains\/\" target=\"_blank\" rel=\"noopener\">Colmar \u2013 mercados del centro hist\u00f3rico<\/a><\/td>\n      <td>Francia<\/td>\n      <td>Del 23 de noviembre al 29 de diciembre de 2026<\/td>\n      <td class=\"mqv-confirmada\">Confirmadas<\/td>\n    <\/tr>\n    <tr>\n      <td><a href=\"https:\/\/www.basel.com\/en\/events\/christmas\/christmas-market\" target=\"_blank\" rel=\"noopener\">Basilea \u2013 Barf\u00fcsserplatz y M\u00fcnsterplatz<\/a><\/td>\n      <td>Suiza<\/td>\n      <td>Del 26 de noviembre al 23 de diciembre de 2026<\/td>\n      <td class=\"mqv-confirmada\">Confirmadas<\/td>\n    <\/tr>\n    <tr>\n      <td><a href=\"https:\/\/www.montreuxnoel.com\/en\/\" target=\"_blank\" rel=\"noopener\">Montreux No\u00ebl<\/a><\/td>\n      <td>Suiza<\/td>\n      <td>Del 20 de noviembre al 24 de diciembre de 2026<\/td>\n      <td class=\"mqv-confirmada\">Confirmadas<\/td>\n    <\/tr>\n    <tr>\n      <td><a href=\"https:\/\/www.plaisirsdhiver.be\/en\" target=\"_blank\" rel=\"noopener\">Bruselas \u2013 Winter Wonders<\/a><\/td>\n      <td>B\u00e9lgica<\/td>\n      <td>Del 27 de noviembre de 2026 al 3 de enero de 2027<\/td>\n      <td class=\"mqv-confirmada\">Confirmadas<\/td>\n    <\/tr>\n    <tr>\n      <td><a href=\"https:\/\/www.visitbruges.be\/en\/winter-glow\" target=\"_blank\" rel=\"noopener\">Brujas \u2013 Winter Glow<\/a><\/td>\n      <td>B\u00e9lgica<\/td>\n      <td>Del 20 de noviembre de 2026 al 14 de febrero de 2027<\/td>\n      <td class=\"mqv-confirmada\">Festival confirmado; horarios del mercado pendientes<\/td>\n    <\/tr>\n    <tr>\n      <td><a href=\"https:\/\/www.visittallinn.ee\/eng\/visitor\/christmas\" target=\"_blank\" rel=\"noopener\">Tallinn \u2013 Plaza del Ayuntamiento<\/a><\/td>\n      <td>Estonia<\/td>\n      <td>Del 20 de noviembre de 2026 al 6 de enero de 2027<\/td>\n      <td class=\"mqv-confirmada\">Confirmadas<\/td>\n    <\/tr>\n    <tr>\n      <td><a href=\"https:\/\/www.liveriga.com\/en\/2795-riga-christmas-market\" target=\"_blank\" rel=\"noopener\">Riga \u2013 Doma laukums<\/a><\/td>\n      <td>Letonia<\/td>\n      <td>Del 27 de noviembre de 2026 al 3 de enero de 2027<\/td>\n      <td class=\"mqv-confirmada\">Confirmadas<\/td>\n    <\/tr>\n    <tr>\n      <td><a href=\"https:\/\/www.tivoli.dk\/en\/opening-hours-and-seasons\" target=\"_blank\" rel=\"noopener\">Copenhague \u2013 Navidad en el Tivoli<\/a><\/td>\n      <td>Dinamarca<\/td>\n      <td>Del 13 de noviembre de 2026 al 3 de enero de 2027<\/td>\n      <td class=\"mqv-confirmada\">Confirmadas<\/td>\n    <\/tr>\n    <tr>\n      <td><a href=\"https:\/\/www.skansen.se\/en\/see-and-do\/holidays-and-traditions\/christmas-market\/\" target=\"_blank\" rel=\"noopener\">Estocolmo \u2013 Mercado de Skansen<\/a><\/td>\n      <td>Suecia<\/td>\n      <td>De viernes a domingo, del 27 de noviembre al 20 de diciembre de 2026<\/td>\n      <td class=\"mqv-confirmada\">Confirmadas<\/td>\n    <\/tr>\n    <tr>\n      <td><a href=\"https:\/\/www.mercatinodinatalebz.it\/\" target=\"_blank\" rel=\"noopener\">Bolzano \u2013 Mercatino di Natale<\/a><\/td>\n      <td>Italia<\/td>\n      <td>Del 27 de noviembre de 2026 al 6 de enero de 2027<\/td>\n      <td class=\"mqv-confirmada\">Confirmadas<\/td>\n    <\/tr>\n    <tr>\n      <td><a href=\"https:\/\/www.visitljubljana.com\/en\/visitors\/events\/events-in-ljubljana\/festive-december\" target=\"_blank\" rel=\"noopener\">Liubliana \u2013 Festive December<\/a><\/td>\n      <td>Eslovenia<\/td>\n      <td>Del 27 de noviembre de 2026 al 15 de enero de 2027<\/td>\n      <td class=\"mqv-confirmada\">Confirmadas<\/td>\n    <\/tr>\n    <tr>\n      <td><a href=\"https:\/\/krakow.travel\/en\/\" target=\"_blank\" rel=\"noopener\">Cracovia \u2013 Rynek G\u0142\u00f3wny<\/a><\/td>\n      <td>Polonia<\/td>\n      <td>De finales de noviembre de 2026 a principios de enero de 2027<\/td>\n      <td class=\"mqv-pendent\">Fechas exactas pendientes<\/td>\n    <\/tr>\n    <tr>\n      <td><a href=\"https:\/\/visitwroclaw.eu\/en\/wydarzenia-cykliczne\/christmas-market\/\" target=\"_blank\" rel=\"noopener\">Breslavia \u2013 Plaza del Mercado<\/a><\/td>\n      <td>Polonia<\/td>\n      <td>De finales de noviembre de 2026 al 6 de enero de 2027<\/td>\n      <td class=\"mqv-pendent\">Fechas exactas pendientes<\/td>\n    <\/tr>\n    <tr>\n      <td><a href=\"https:\/\/www.adventzagreb.hr\/\" target=\"_blank\" rel=\"noopener\">Zagreb \u2013 Advent Zagreb<\/a><\/td>\n      <td>Croacia<\/td>\n      <td>De finales de noviembre de 2026 a principios de enero de 2027<\/td>\n      <td class=\"mqv-pendent\">Fechas exactas pendientes<\/td>\n    <\/tr>\n    <tr>\n      <td><a href=\"https:\/\/edinburghwinterfestivals.com\/\" target=\"_blank\" rel=\"noopener\">Edimburgo \u2013 Traditional Christmas Market<\/a><\/td>\n      <td>Escocia<\/td>\n      <td>Del 20 de noviembre al 24 de diciembre de 2026<\/td>\n      <td class=\"mqv-confirmada\">Confirmadas<\/td>\n    <\/tr>\n  <\/tbody>\n<\/table>\n<\/div>\n\n<p style=\"font-size:0.92em;color:#666;\">Las fechas y los horarios pueden ser modificados por las organizaciones locales. Antes de viajar, recomendamos volver a consultar la informaci\u00f3n oficial de cada ciudad.<\/p>\n\n\n\n<h2 class=\"wp-block-heading\">Viajes para descubrir los mercados de Navidad de Europa<\/h2>\n\n\n\n<p class=\"wp-block-paragraph\">En mesqueunviatge.cat podemos organizar escapadas a los mercados de Navidad, viajes en grupo, rutas a medida y propuestas que combinan varias ciudades. Estas son algunas de las experiencias que ya pod\u00e9is consultar:<\/p>\n\n\n\n<div class=\"mqv-trip-grid\">\n  <div class=\"mqv-trip-card\">\n    <h2>Crucero por el Danubio en Navidad<\/h2>\n<img decoding=\"async\" loading=\"lazy\" src=\"https:\/\/mesqueunviatge.cat\/wp-content\/uploads\/2026\/07\/Mercat-nadalenc-Budapest.webp\">\n    <p>Una ruta de cinco d\u00edas para descubrir los mercados de Navidad de Viena, Budapest y Bratislava con la comodidad de alojaros cuatro noches a bordo del mismo barco.<\/p>\n    <a class=\"mqv-trip-link\" href=\"https:\/\/mesqueunviatge.cat\/es\/viaje-es\/crucero-por-el-danubio-en-navidad\/\">Ver el crucero por el Danubio en Navidad<\/a>\n  <\/div>\n\n  <div class=\"mqv-trip-card\">\n    <h2>Viaje al mercado de Navidad de Tallinn<\/h2><img decoding=\"async\" loading=\"lazy\" src=\"https:\/\/mesqueunviatge.cat\/wp-content\/uploads\/2026\/07\/Tallinn-mercat-de-nadal.webp\">\n    <p>Una escapada de cuatro d\u00edas para vivir el ambiente navide\u00f1o de una de las ciudades medievales mejor conservadas de Europa.<\/p>\n    <a class=\"mqv-trip-link\" href=\"https:\/\/mesqueunviatge.cat\/es\/viaje-es\/mercadillo-navideno-de-tallin\/\">Ver el viaje al mercado de Navidad de Tallinn<\/a>\n  <\/div>\n\n  <div class=\"mqv-trip-card\">\n    <h2>Fin de A\u00f1o en Riga<\/h2><img decoding=\"async\" loading=\"lazy\" src=\"https:\/\/mesqueunviatge.cat\/wp-content\/uploads\/2025\/12\/Mercat-de-nadal-a-Riga.png\">\n    <p>Una propuesta para despedir el a\u00f1o entre arquitectura modernista, calles iluminadas y el mercado navide\u00f1o de la plaza de la Catedral de Riga.<\/p>\n    <a class=\"mqv-trip-link\" href=\"https:\/\/mesqueunviatge.cat\/es\/viaje-es\/fin-de-ano-en-riga\/\">Ver el viaje de Fin de A\u00f1o en Riga<\/a>\n  <\/div>\n\n  <div class=\"mqv-trip-card\">\n    <h2>Mercados de Navidad de Alsacia y la Selva Negra<\/h2><img decoding=\"async\" loading=\"lazy\" src=\"https:\/\/mesqueunviatge.cat\/wp-content\/uploads\/2025\/09\/Mercats-Nadalencs-de-lAlsacia-Colmar.png\">\n    <p>Un viaje entre pueblos de cuento, casas con entramados de madera, mercados tradicionales y algunos de los paisajes m\u00e1s bonitos de Alsacia y la Selva Negra.<\/p>\n    <a class=\"mqv-trip-link\" href=\"https:\/\/mesqueunviatge.cat\/es\/viaje-es\/mercadillos-navidenos-de-la-alsacia\/\">Ver el viaje a los mercados de Alsacia y la Selva Negra<\/a>\n  <\/div>\n<\/div>\n\n\n\n\n\n<h2 class=\"wp-block-heading\">\u00bfQuer\u00e9is visitar otro mercado de Navidad?<\/h2>\n\n\n\n<p class=\"wp-block-paragraph\">No todos los viajes que podemos preparar est\u00e1n publicados en nuestra web. Tambi\u00e9n podemos organizar escapadas a Praga, N\u00faremberg, Dresde, Salzburgo, Innsbruck, Bruselas, Copenhague, Cracovia o cualquier otra ciudad del calendario.<\/p>\n\n\n\n<p class=\"wp-block-paragraph\">Podemos adaptar las fechas, vuestra ciudad de origen, los vuelos, el alojamiento, las visitas y el ritmo del viaje. Explicadnos qu\u00e9 mercado navide\u00f1o os gustar\u00eda conocer y os prepararemos una propuesta seg\u00fan vuestros intereses y presupuesto.<\/p>\n\n\n\n<div class=\"mqv-contact-box\">\n  <h3 style=\"margin-top:0;\">\u00bfQu\u00e9 mercado de Navidad os gustar\u00eda descubrir?<\/h3>\n  <p>Contactad con mesqueunviatge.cat y os ayudaremos a preparar vuestra escapada de Navidad.<\/p>\n  <a class=\"mqv-contact-button\" href=\"https:\/\/mesqueunviatge.cat\/es\/explicanos-tu-viaje\/\">Solicitad informaci\u00f3n o una propuesta de viaje<\/a>\n  <p style=\"margin:18px 0 0;\">Tambi\u00e9n pod\u00e9is escribirnos por WhatsApp al <a href=\"https:\/\/wa.me\/34660292516\" target=\"_blank\" rel=\"noopener\">660 29 25 16<\/a>, llamarnos al <a href=\"tel:+34936645917\">93 664 59 17<\/a> o enviarnos un correo electr\u00f3nico a <a href=\"mailto:info@mesqueunviatge.cat\">info@mesqueunviatge.cat<\/a>.<\/p>\n<\/div>\n\n\n\n<h2 class=\"wp-block-heading\">\u00bfCu\u00e1l es el mercado de Navidad europeo ideal?<\/h2>\n\n\n\n<p class=\"wp-block-paragraph\">Si es vuestra primera escapada navide\u00f1a, Viena, Praga o N\u00faremberg ofrecen algunos de los mercados m\u00e1s conocidos y una gran variedad de actividades. Si prefer\u00eds una atm\u00f3sfera medieval y ciudades m\u00e1s acogedoras, Tallinn y Riga son dos alternativas especialmente atractivas.<\/p>\n\n\n\n<p class=\"wp-block-paragraph\">Para combinar varios mercados sin tener que cambiar constantemente de alojamiento, el crucero por el Danubio permite visitar Viena, Budapest y Bratislava en un mismo viaje. En cambio, Alsacia y la Selva Negra son ideales para recorrer pueblos decorados, mercados tradicionales y paisajes de invierno.<\/p>\n\n\n\n<p class=\"wp-block-paragraph\">Las familias pueden encontrar propuestas muy completas en Copenhague, M\u00fanich, Bruselas o Tallinn, mientras que Riga, Praga, Salzburgo, Liubliana y Bolzano mantienen el ambiente festivo despu\u00e9s del 25 de diciembre y permiten plantear una escapada de Fin de A\u00f1o.<\/p>\n\n\n\n<div class=\"is-style-rectangular wp-block-jetpack-tiled-gallery aligncenter is-style-rectangular\"><div class=\"\"><div class=\"tiled-gallery__gallery\"><div class=\"tiled-gallery__row\"><div class=\"tiled-gallery__col\" style=\"flex-basis:33.33333%\"><figure class=\"tiled-gallery__item\"><img decoding=\"async\" loading=\"lazy\" alt=\"crucero por los mercados de Navidad\" data-height=\"911\" data-id=\"24476\" data-link=\"https:\/\/mesqueunviatge.cat\/viatge\/creuer-pel-danubi-per-nadal\/mercat-de-nadal-de-viena\/\" data-url=\"https:\/\/mesqueunviatge.cat\/wp-content\/uploads\/2026\/07\/mercat-de-nadal-de-Viena-1024x622.webp\" data-width=\"1500\" src=\"https:\/\/i0.wp.com\/mesqueunviatge.cat\/wp-content\/uploads\/2026\/07\/mercat-de-nadal-de-Viena-1024x622.webp?ssl=1\" data-amp-layout=\"responsive\"\/><\/figure><\/div><div class=\"tiled-gallery__col\" style=\"flex-basis:33.33333%\"><figure class=\"tiled-gallery__item\"><img decoding=\"async\" loading=\"lazy\" alt=\"crucero por el Danubio en Navidad\" data-height=\"911\" data-id=\"24475\" data-link=\"https:\/\/mesqueunviatge.cat\/viatge\/creuer-pel-danubi-per-nadal\/mercat-de-nadal-de-bratislava\/\" data-url=\"https:\/\/mesqueunviatge.cat\/wp-content\/uploads\/2026\/07\/mercat-de-nadal-de-Bratislava-1024x622.webp\" data-width=\"1500\" src=\"https:\/\/i0.wp.com\/mesqueunviatge.cat\/wp-content\/uploads\/2026\/07\/mercat-de-nadal-de-Bratislava-1024x622.webp?ssl=1\" data-amp-layout=\"responsive\"\/><\/figure><\/div><div class=\"tiled-gallery__col\" style=\"flex-basis:33.33333%\"><figure class=\"tiled-gallery__item\"><img decoding=\"async\" loading=\"lazy\" alt=\"mercado de Navidad de Tallinn\" data-height=\"911\" data-id=\"24462\" data-link=\"https:\/\/mesqueunviatge.cat\/viatge\/mercat-de-nadal-de-tallinn\/mercat-de-nadal-a-tallinn\/\" data-url=\"https:\/\/mesqueunviatge.cat\/wp-content\/uploads\/2026\/07\/mercat-de-Nadal-a-Tallinn-1024x622.webp\" data-width=\"1500\" src=\"https:\/\/i0.wp.com\/mesqueunviatge.cat\/wp-content\/uploads\/2026\/07\/mercat-de-Nadal-a-Tallinn-1024x622.webp?ssl=1\" data-amp-layout=\"responsive\"\/><\/figure><\/div><\/div><div class=\"tiled-gallery__row\"><div class=\"tiled-gallery__col\" style=\"flex-basis:48.09305%\"><figure class=\"tiled-gallery__item\"><img decoding=\"async\" loading=\"lazy\" alt=\"Mercados navide\u00f1os\" data-height=\"1063\" data-id=\"18650\" data-link=\"https:\/\/mesqueunviatge.cat\/viatge\/mercats-nadalencs-de-lalsacia\/mercat-nadalenc\/\" data-url=\"https:\/\/mesqueunviatge.cat\/wp-content\/uploads\/2025\/09\/mercat-nadalenc-1024x622.png\" data-width=\"1750\" src=\"https:\/\/i0.wp.com\/mesqueunviatge.cat\/wp-content\/uploads\/2025\/09\/mercat-nadalenc-1024x622.png?ssl=1\" data-amp-layout=\"responsive\"\/><\/figure><\/div><div class=\"tiled-gallery__col\" style=\"flex-basis:51.90695%\"><figure class=\"tiled-gallery__item\"><img decoding=\"async\" loading=\"lazy\" alt=\"Mercado navide\u00f1o de Copenhague\" data-height=\"1024\" data-id=\"6895\" data-link=\"https:\/\/mesqueunviatge.cat\/?attachment_id=6895\" data-url=\"https:\/\/mesqueunviatge.cat\/wp-content\/uploads\/2021\/11\/nadal-copenhague-1024x576.jpg\" data-width=\"1820\" src=\"https:\/\/i0.wp.com\/mesqueunviatge.cat\/wp-content\/uploads\/2021\/11\/nadal-copenhague-1024x576.jpg?ssl=1\" data-amp-layout=\"responsive\"\/><\/figure><\/div><\/div><div class=\"tiled-gallery__row\"><div class=\"tiled-gallery__col\" style=\"flex-basis:36.17394%\"><figure class=\"tiled-gallery__item\"><img decoding=\"async\" loading=\"lazy\" alt=\"Especial puente de diciembre\" data-height=\"1024\" data-id=\"7219\" data-link=\"https:\/\/mesqueunviatge.cat\/?attachment_id=7219\" data-url=\"https:\/\/mesqueunviatge.cat\/wp-content\/uploads\/2018\/11\/mercat-de-nadal-1024x576.jpg\" data-width=\"1820\" src=\"https:\/\/i0.wp.com\/mesqueunviatge.cat\/wp-content\/uploads\/2018\/11\/mercat-de-nadal-1024x576.jpg?ssl=1\" data-amp-layout=\"responsive\"\/><\/figure><figure class=\"tiled-gallery__item\"><img decoding=\"async\" loading=\"lazy\" alt=\"Mercados de Navidad en Europa\" data-height=\"1063\" data-id=\"18642\" data-link=\"https:\/\/mesqueunviatge.cat\/viatge\/mercats-nadalencs-de-lalsacia\/mercat-de-nadal-2\/\" data-url=\"https:\/\/mesqueunviatge.cat\/wp-content\/uploads\/2025\/09\/mercat-de-nadal-1024x622.png\" data-width=\"1750\" src=\"https:\/\/i0.wp.com\/mesqueunviatge.cat\/wp-content\/uploads\/2025\/09\/mercat-de-nadal-1024x622.png?ssl=1\" data-amp-layout=\"responsive\"\/><\/figure><\/div><div class=\"tiled-gallery__col\" style=\"flex-basis:63.82606%\"><figure class=\"tiled-gallery__item\"><img decoding=\"async\" loading=\"lazy\" alt=\"Viaje de temporada\" data-height=\"1024\" data-id=\"3893\" data-link=\"https:\/\/mesqueunviatge.cat\/?attachment_id=3893\" data-url=\"https:\/\/mesqueunviatge.cat\/wp-content\/uploads\/2016\/09\/bola-de-nadal-1024x683.jpg\" data-width=\"1535\" src=\"https:\/\/i0.wp.com\/mesqueunviatge.cat\/wp-content\/uploads\/2016\/09\/bola-de-nadal-1024x683.jpg?ssl=1\" data-amp-layout=\"responsive\"\/><\/figure><\/div><\/div><\/div><\/div><\/div>\n\n\n\n<h2 class=\"wp-block-heading\">\u00bfCu\u00e1ndo conviene reservar un viaje a los mercados de Navidad?<\/h2>\n\n\n\n<p class=\"wp-block-paragraph\">Los fines de semana de Adviento y el puente de diciembre concentran una parte importante de la demanda. Para encontrar mejores combinaciones de vuelos y alojamientos bien situados, es recomendable empezar a preparar el viaje entre el verano y principios de oto\u00f1o.<\/p>\n\n\n\n<p class=\"wp-block-paragraph\">Las escapadas que coinciden con Fin de A\u00f1o, los mercados con aforo limitado y las rutas que combinan varias ciudades suelen requerir m\u00e1s previsi\u00f3n. Reservar con tiempo tambi\u00e9n permite valorar mejor los horarios, las visitas y el ritmo m\u00e1s adecuado para cada viajero.<\/p>\n\n\n\n<h2 class=\"is-style-ignition-cousteau-pro-anchor-title wp-block-heading\">Preguntas frecuentes sobre los mercados de Navidad de Europa<\/h2>\n\n\n\n<div class=\"nfd-container nfd-p-lg nfd-gap-2xl nfd-wb-faq__faq-1 is-style-ignition-cousteau-pro-boxed-content wp-block-group\"><div class=\"wp-block-group__inner-container is-layout-constrained wp-block-group-is-layout-constrained\">\n<div class=\"nfd-gap-2xl wp-block-group is-vertical is-layout-flex wp-container-core-group-is-layout-4fc3f8e1 wp-block-group-is-layout-flex\">\n<div class=\"nfd-gap-xl nfd-gap-y-2xl wp-block-columns is-layout-flex wp-container-core-columns-is-layout-8f761849 wp-block-columns-is-layout-flex\">\n<div class=\"wp-block-column is-layout-flow wp-block-column-is-layout-flow\">\n<div class=\"nfd-gap-sm wp-block-group is-vertical is-layout-flex wp-container-core-group-is-layout-4fc3f8e1 wp-block-group-is-layout-flex\">\n<h3 class=\"nfd-text-md nfd-text-contrast wp-block-heading\"><strong>\u00bfCu\u00e1ndo empiezan los mercados de Navidad de Europa en 2026?<\/strong><\/h3>\n\n\n\n<p class=\"nfd-text-faded nfd-text-base wp-block-paragraph\">Los primeros mercados abrir\u00e1n a mediados de noviembre. Viena empezar\u00e1 el 13 de noviembre, Innsbruck el d\u00eda 15 y Colonia el d\u00eda 16. La mayor\u00eda de los mercados europeos inaugurar\u00e1n la temporada entre el 20 y el 28 de noviembre de 2026.<\/p>\n<\/div>\n<\/div>\n\n\n\n<div class=\"wp-block-column is-layout-flow wp-block-column-is-layout-flow\">\n<div class=\"nfd-gap-sm wp-block-group is-vertical is-layout-flex wp-container-core-group-is-layout-4fc3f8e1 wp-block-group-is-layout-flex\">\n<h3 class=\"nfd-text-md nfd-text-contrast wp-block-heading\"><strong>\u00bfQu\u00e9 mercados contin\u00faan abiertos despu\u00e9s de Navidad?<\/strong><\/h3>\n\n\n\n<p class=\"nfd-text-faded nfd-text-base wp-block-paragraph\">Praga, Tallinn, Riga, Bruselas, Salzburgo, Bolzano y Liubliana continuar\u00e1n abiertos despu\u00e9s del 25 de diciembre. Son buenas opciones para combinar los mercados navide\u00f1os con una escapada de Fin de A\u00f1o.<\/p>\n<\/div>\n<\/div>\n<\/div>\n\n\n\n<div class=\"nfd-gap-xl nfd-gap-y-2xl wp-block-columns is-layout-flex wp-container-core-columns-is-layout-8f761849 wp-block-columns-is-layout-flex\">\n<div class=\"wp-block-column is-layout-flow wp-block-column-is-layout-flow\">\n<div class=\"nfd-gap-sm wp-block-group is-vertical is-layout-flex wp-container-core-group-is-layout-4fc3f8e1 wp-block-group-is-layout-flex\">\n<h3 class=\"nfd-text-md nfd-text-contrast wp-block-heading\"><strong>\u00bfSe puede preparar un viaje a un mercado que no aparezca publicado en la web?<\/strong><\/h3>\n\n\n\n<p class=\"nfd-text-faded nfd-text-base wp-block-paragraph\">S\u00ed. No todas las propuestas disponibles est\u00e1n publicadas en mesqueunviatge.cat. Podemos preparar un viaje a medida a cualquiera de las ciudades de esta gu\u00eda, adaptando los vuelos, el alojamiento, la duraci\u00f3n y las visitas.<\/p>\n<\/div>\n<\/div>\n\n\n\n<div class=\"wp-block-column is-layout-flow wp-block-column-is-layout-flow\">\n<div class=\"nfd-gap-sm wp-block-group is-vertical is-layout-flex wp-container-core-group-is-layout-4fc3f8e1 wp-block-group-is-layout-flex\">\n<h3 class=\"nfd-text-md nfd-text-contrast wp-block-heading\"><strong>\u00bfQu\u00e9 mercados de Navidad se pueden combinar en un mismo viaje?<\/strong><\/h3>\n\n\n\n<p class=\"nfd-text-faded nfd-text-base wp-block-paragraph\">Viena, Budapest y Bratislava se pueden visitar en un crucero por el Danubio. Tambi\u00e9n es habitual combinar Estrasburgo, Colmar y Friburgo, o preparar una ruta por diferentes mercados de Alemania, Austria, Polonia o los pa\u00edses b\u00e1lticos.<\/p>\n<\/div>\n<\/div>\n<\/div>\n<\/div>\n<\/div><\/div>\n\n\n\n<div class=\"mqv-contact-box\">\n  <h3 style=\"margin-top:0;\">\u00bfEmpezamos a preparar vuestro viaje de Navidad?<\/h3>\n  <p>Decidnos qu\u00e9 ciudades os gustar\u00eda visitar y nos encargaremos de convertirlas en una ruta pensada para vosotros.<\/p>\n  <a class=\"mqv-contact-button\" href=\"https:\/\/mesqueunviatge.cat\/es\/explicanos-tu-viaje\/\">Explicadnos vuestro viaje<\/a>\n<\/div>\n","protected":false},"excerpt":{"rendered":"<p>Mercados de Navidad de Europa 2026: fechas y viajes Los mercados de Navidad de Europa empezar\u00e1n a abrir a mediados de noviembre y transformar\u00e1n plazas, centros hist\u00f3ricos y pueblos medievales en algunos de los escenarios [&hellip;]<\/p>\n","protected":false},"author":1,"featured_media":24466,"comment_status":"closed","ping_status":"closed","sticky":false,"template":"","format":"standard","meta":{"_acf_changed":false,"nf_dc_page":"","content-type":"","inline_featured_image":false,"_FSMCFIC_featured_image_caption":"","_FSMCFIC_featured_image_nocaption":"","_FSMCFIC_featured_image_hide":"","footnotes":""},"categories":[837],"tags":[],"class_list":["post-24501","post","type-post","status-publish","format-standard","has-post-thumbnail","hentry","category-blog-de-viajes"],"acf":[],"_links":{"self":[{"href":"https:\/\/mesqueunviatge.cat\/es\/wp-json\/wp\/v2\/posts\/24501","targetHints":{"allow":["GET"]}}],"collection":[{"href":"https:\/\/mesqueunviatge.cat\/es\/wp-json\/wp\/v2\/posts"}],"about":[{"href":"https:\/\/mesqueunviatge.cat\/es\/wp-json\/wp\/v2\/types\/post"}],"author":[{"embeddable":true,"href":"https:\/\/mesqueunviatge.cat\/es\/wp-json\/wp\/v2\/users\/1"}],"replies":[{"embeddable":true,"href":"https:\/\/mesqueunviatge.cat\/es\/wp-json\/wp\/v2\/comments?post=24501"}],"version-history":[{"count":4,"href":"https:\/\/mesqueunviatge.cat\/es\/wp-json\/wp\/v2\/posts\/24501\/revisions"}],"predecessor-version":[{"id":24505,"href":"https:\/\/mesqueunviatge.cat\/es\/wp-json\/wp\/v2\/posts\/24501\/revisions\/24505"}],"wp:featuredmedia":[{"embeddable":true,"href":"https:\/\/mesqueunviatge.cat\/es\/wp-json\/wp\/v2\/media\/24466"}],"wp:attachment":[{"href":"https:\/\/mesqueunviatge.cat\/es\/wp-json\/wp\/v2\/media?parent=24501"}],"wp:term":[{"taxonomy":"category","embeddable":true,"href":"https:\/\/mesqueunviatge.cat\/es\/wp-json\/wp\/v2\/categories?post=24501"},{"taxonomy":"post_tag","embeddable":true,"href":"https:\/\/mesqueunviatge.cat\/es\/wp-json\/wp\/v2\/tags?post=24501"}],"curies":[{"name":"wp","href":"https:\/\/api.w.org\/{rel}","templated":true}]}}